{"id":77,"date":"2022-11-28T14:57:50","date_gmt":"2022-11-28T13:57:50","guid":{"rendered":"https:\/\/bridge365.qodeinteractive.com\/?p=77"},"modified":"2023-10-18T09:33:11","modified_gmt":"2023-10-18T07:33:11","slug":"calendario-del-community-manager-2023","status":"publish","type":"post","link":"https:\/\/trinexo.com\/blog\/calendario-del-community-manager-2023\/","title":{"rendered":"Calendario del Community Manager 2023"},"content":{"rendered":"\t\t<div data-elementor-type=\"wp-post\" data-elementor-id=\"77\" class=\"elementor elementor-77\">\n\t\t\t\t\t\t<section class=\"elementor-section elementor-top-section elementor-element elementor-element-03ff0dd elementor-section-full_width elementor-section-height-default elementor-section-height-default parallax_section_no qode_elementor_container_no\" data-id=\"03ff0dd\" data-element_type=\"section\" data-e-type=\"section\">\n\t\t\t\t\t\t<div class=\"elementor-container elementor-column-gap-no\">\n\t\t\t\t\t<div class=\"elementor-column elementor-col-100 elementor-top-column elementor-element elementor-element-7590977\" data-id=\"7590977\" data-element_type=\"column\" data-e-type=\"column\">\n\t\t\t<div class=\"elementor-widget-wrap elementor-element-populated\">\n\t\t\t\t\t\t<div class=\"elementor-element elementor-element-e336432 elementor-drop-cap-yes elementor-drop-cap-view-default elementor-widget elementor-widget-text-editor\" data-id=\"e336432\" data-element_type=\"widget\" data-e-type=\"widget\" data-settings=\"{&quot;drop_cap&quot;:&quot;yes&quot;}\" data-widget_type=\"text-editor.default\">\n\t\t\t\t<div class=\"elementor-widget-container\">\n\t\t\t\t\t\t\t\t\t<header class=\"entry-header\"><p class=\"bx-blog__name entry-title font-second h3\"><span style=\"font-size: 16px;\">Ya est\u00e1 aqu\u00ed, <\/span><strong style=\"font-size: 16px;\">\u00a1\u00a1el calendario del Community Manager!!<\/strong><span style=\"font-size: 16px;\">\u00a0\u00a1\u00a1\u00a1Si todav\u00eda est\u00e1 calentito y todo!!!<\/span><\/p><\/header><div class=\"entry-content\"><section class=\"wpb-content-wrapper\"><section class=\"wpb-content-wrapper\"><div class=\"vc_row wpb_row vc_row-fluid\"><div class=\"wpb_column vc_column_container vc_col-sm-12\"><div class=\"vc_column-inner\"><div class=\"wpb_wrapper\"><div class=\"wpb_text_column wpb_content_element \"><div class=\"wpb_wrapper\"><p>Porque sabemos lo importante que es estar al tanto de las fechas m\u00e1s importantes, hemos creado un calendario bastante completito que contiene algunas de las principales efem\u00e9rides.\u00a0<strong>En el calendario del Community Manager que hemos creado en Trinexo vas a poder encontrar algunas de las m\u00e1s importantes fechas de 2023<\/strong>\u00a0con especial atenci\u00f3n a:<\/p><p>Fechas que tienen relaci\u00f3n con la salud:\u00a0D\u00eda Mundial de la Fibrosis Qu\u00edstica, D\u00eda Mundial del Donante de Sangre, D\u00eda Internacional contra el C\u00e1ncer Infantil, etc\u2026<\/p><p><strong>Fechas que tienen relaci\u00f3n con la alimentaci\u00f3n:\u00a0<\/strong>D\u00eda Internacional del caf\u00e9, D\u00eda Mundial del huevo, World Paella Day, etc\u2026<\/p><p><strong>Fechas que tienen relaci\u00f3n con el comercio:\u00a0<\/strong>Comienzo de los periodos de rebajas, Black Friday, Ciber Monday, etc\u2026<\/p><p><strong>Fechas que tienen relaci\u00f3n con el deporte:<\/strong>\u00a0Final de la Super Bowl, All Star de la NBA etc\u2026<\/p><p><strong>Fechas que tienen relaci\u00f3n con el arte:\u00a0<\/strong>D\u00eda Mundial de Elvis Presley, Entrega de los Oscars, D\u00eda Mundial de la poes\u00eda, etc\u2026<\/p><p><strong>Fechas que tienen relaci\u00f3n con el marketing:\u00a0<\/strong>D\u00eda Mundial del Community Manager, D\u00eda Mundial de la usabilidad, Aniversario de YouTube, etc\u2026<\/p><p>Adem\u00e1s, hemos metido muchas otras fechas interesantes reconocidos por la\u00a0<a href=\"https:\/\/www.un.org\/es\/sections\/observances\/international-days\/\" target=\"_blank\" rel=\"noopener\">ONU<\/a>\u00a0o de car\u00e1cter general como Navidad, Ramad\u00e1n o Hannukah. Vamos, \u00a1\u00a1\u00a1\u00a1completito completito!!!!<\/p><p>En cualquier caso, si quieres tener acceso a m\u00e1s herramientas o conocer m\u00e1s trucos \u00fatiles puedes seguir leyendo nuestro blog libremente o seguirnos a trav\u00e9s de\u00a0<a href=\"https:\/\/www.instagram.com\/https:\/\/www.linkedin.com\/company\/somostrinexo\/\/\" target=\"_blank\" rel=\"noopener noreferrer\">Instagram<\/a> o\u00a0<a href=\"https:\/\/www.linkedin.com\/company\/https:\/\/www.linkedin.com\/company\/somostrinexo\/\/\" target=\"_blank\" rel=\"noopener\">LinkedIn<\/a>.<\/p><p>\u00bfQuieres tener el calendario del Community Manager? \u00a1Suscr\u00edbete a nuestra newsletter y te lo enviamos a tu correo!<\/p><\/div><\/div><\/div><\/div><\/div><\/div><\/section><\/section><\/div>\t\t\t\t\t\t\t\t<\/div>\n\t\t\t\t<\/div>\n\t\t\t\t\t<\/div>\n\t\t<\/div>\n\t\t\t\t\t<\/div>\n\t\t<\/section>\n\t\t\t\t<\/div>\n\t\t","protected":false},"excerpt":{"rendered":"<p>Descarga el calendario del Community Manager 2023 y mantente al tanto de las fechas clave. Rec\u00edbelo en tu correo.<\/p>\n","protected":false},"author":2,"featured_media":675,"comment_status":"open","ping_status":"open","sticky":false,"template":"","format":"standard","meta":{"mc4wp_mailchimp_campaign":[],"footnotes":""},"categories":[61,32],"tags":[60,35,58],"class_list":["post-77","post","type-post","status-publish","format-standard","has-post-thumbnail","hentry","category-descargables","category-marketing","tag-community-manager","tag-marketing","tag-redes-sociales"],"yoast_head":"<!-- This site is optimized with the Yoast SEO plugin v27.0 - https:\/\/yoast.com\/product\/yoast-seo-wordpress\/ -->\n<title>Calendario del Community Manager 2023 - Trinexo Blog<\/title>\n<meta name=\"description\" content=\"Descarga el calendario del Community Manager 2023 y mantente al tanto de las fechas clave. Rec\u00edbelo en tu correo.\" \/>\n<meta name=\"robots\" content=\"index, follow, max-snippet:-1, max-image-preview:large, max-video-preview:-1\" \/>\n<link rel=\"canonical\" href=\"https:\/\/trinexo.com\/blog\/calendario-del-community-manager-2023\/\" \/>\n<meta property=\"og:locale\" content=\"es_ES\" \/>\n<meta property=\"og:type\" content=\"article\" \/>\n<meta property=\"og:title\" content=\"Calendario del Community Manager 2023 - Trinexo Blog\" \/>\n<meta property=\"og:description\" content=\"Descarga el calendario del Community Manager 2023 y mantente al tanto de las fechas clave. Rec\u00edbelo en tu correo.\" \/>\n<meta property=\"og:url\" content=\"https:\/\/trinexo.com\/blog\/calendario-del-community-manager-2023\/\" \/>\n<meta property=\"og:site_name\" content=\"Trinexo Blog\" \/>\n<meta property=\"article:publisher\" content=\"https:\/\/www.facebook.com\/somostrinexo\/\" \/>\n<meta property=\"article:published_time\" content=\"2022-11-28T13:57:50+00:00\" \/>\n<meta property=\"article:modified_time\" content=\"2023-10-18T07:33:11+00:00\" \/>\n<meta property=\"og:image\" content=\"https:\/\/trinexo.com\/blog\/wp-content\/uploads\/2022\/11\/19.-CALENDARIO-DEL-COMMUNITY-MANAGER.jpg\" \/>\n\t<meta property=\"og:image:width\" content=\"1200\" \/>\n\t<meta property=\"og:image:height\" content=\"630\" \/>\n\t<meta property=\"og:image:type\" content=\"image\/jpeg\" \/>\n<meta name=\"author\" content=\"Jaime Ballesteros Gil\" \/>\n<meta name=\"twitter:card\" content=\"summary_large_image\" \/>\n<meta name=\"twitter:label1\" content=\"Escrito por\" \/>\n\t<meta name=\"twitter:data1\" content=\"Jaime Ballesteros Gil\" \/>\n\t<meta name=\"twitter:label2\" content=\"Tiempo de lectura\" \/>\n\t<meta name=\"twitter:data2\" content=\"2 minutos\" \/>\n<script type=\"application\/ld+json\" class=\"yoast-schema-graph\">{\"@context\":\"https:\/\/schema.org\",\"@graph\":[{\"@type\":\"Article\",\"@id\":\"https:\/\/trinexo.com\/blog\/calendario-del-community-manager-2023\/#article\",\"isPartOf\":{\"@id\":\"https:\/\/trinexo.com\/blog\/calendario-del-community-manager-2023\/\"},\"author\":{\"name\":\"Jaime Ballesteros Gil\",\"@id\":\"https:\/\/trinexo.com\/blog\/#\/schema\/person\/f768d5dd88f4a9295d73cd5f3ff4aa2d\"},\"headline\":\"Calendario del Community Manager 2023\",\"datePublished\":\"2022-11-28T13:57:50+00:00\",\"dateModified\":\"2023-10-18T07:33:11+00:00\",\"mainEntityOfPage\":{\"@id\":\"https:\/\/trinexo.com\/blog\/calendario-del-community-manager-2023\/\"},\"wordCount\":296,\"commentCount\":0,\"publisher\":{\"@id\":\"https:\/\/trinexo.com\/blog\/#organization\"},\"image\":{\"@id\":\"https:\/\/trinexo.com\/blog\/calendario-del-community-manager-2023\/#primaryimage\"},\"thumbnailUrl\":\"https:\/\/trinexo.com\/blog\/wp-content\/uploads\/2022\/11\/19.-CALENDARIO-DEL-COMMUNITY-MANAGER.jpg\",\"keywords\":[\"Community Manager\",\"Marketing\",\"Redes Sociales\"],\"articleSection\":[\"Descargables\",\"Marketing\"],\"inLanguage\":\"es\",\"potentialAction\":[{\"@type\":\"CommentAction\",\"name\":\"Comment\",\"target\":[\"https:\/\/trinexo.com\/blog\/calendario-del-community-manager-2023\/#respond\"]}]},{\"@type\":\"WebPage\",\"@id\":\"https:\/\/trinexo.com\/blog\/calendario-del-community-manager-2023\/\",\"url\":\"https:\/\/trinexo.com\/blog\/calendario-del-community-manager-2023\/\",\"name\":\"Calendario del Community Manager 2023 - Trinexo Blog\",\"isPartOf\":{\"@id\":\"https:\/\/trinexo.com\/blog\/#website\"},\"primaryImageOfPage\":{\"@id\":\"https:\/\/trinexo.com\/blog\/calendario-del-community-manager-2023\/#primaryimage\"},\"image\":{\"@id\":\"https:\/\/trinexo.com\/blog\/calendario-del-community-manager-2023\/#primaryimage\"},\"thumbnailUrl\":\"https:\/\/trinexo.com\/blog\/wp-content\/uploads\/2022\/11\/19.-CALENDARIO-DEL-COMMUNITY-MANAGER.jpg\",\"datePublished\":\"2022-11-28T13:57:50+00:00\",\"dateModified\":\"2023-10-18T07:33:11+00:00\",\"description\":\"Descarga el calendario del Community Manager 2023 y mantente al tanto de las fechas clave. Rec\u00edbelo en tu correo.\",\"breadcrumb\":{\"@id\":\"https:\/\/trinexo.com\/blog\/calendario-del-community-manager-2023\/#breadcrumb\"},\"inLanguage\":\"es\",\"potentialAction\":[{\"@type\":\"ReadAction\",\"target\":[\"https:\/\/trinexo.com\/blog\/calendario-del-community-manager-2023\/\"]}]},{\"@type\":\"ImageObject\",\"inLanguage\":\"es\",\"@id\":\"https:\/\/trinexo.com\/blog\/calendario-del-community-manager-2023\/#primaryimage\",\"url\":\"https:\/\/trinexo.com\/blog\/wp-content\/uploads\/2022\/11\/19.-CALENDARIO-DEL-COMMUNITY-MANAGER.jpg\",\"contentUrl\":\"https:\/\/trinexo.com\/blog\/wp-content\/uploads\/2022\/11\/19.-CALENDARIO-DEL-COMMUNITY-MANAGER.jpg\",\"width\":1200,\"height\":630,\"caption\":\"Calendario del Community Manager 2023\"},{\"@type\":\"BreadcrumbList\",\"@id\":\"https:\/\/trinexo.com\/blog\/calendario-del-community-manager-2023\/#breadcrumb\",\"itemListElement\":[{\"@type\":\"ListItem\",\"position\":1,\"name\":\"Portada\",\"item\":\"https:\/\/trinexo.com\/blog\/\"},{\"@type\":\"ListItem\",\"position\":2,\"name\":\"Calendario del Community Manager 2023\"}]},{\"@type\":\"WebSite\",\"@id\":\"https:\/\/trinexo.com\/blog\/#website\",\"url\":\"https:\/\/trinexo.com\/blog\/\",\"name\":\"Trinexo Blog\",\"description\":\"Brandarras de coraz\u00f3n\",\"publisher\":{\"@id\":\"https:\/\/trinexo.com\/blog\/#organization\"},\"potentialAction\":[{\"@type\":\"SearchAction\",\"target\":{\"@type\":\"EntryPoint\",\"urlTemplate\":\"https:\/\/trinexo.com\/blog\/?s={search_term_string}\"},\"query-input\":{\"@type\":\"PropertyValueSpecification\",\"valueRequired\":true,\"valueName\":\"search_term_string\"}}],\"inLanguage\":\"es\"},{\"@type\":\"Organization\",\"@id\":\"https:\/\/trinexo.com\/blog\/#organization\",\"name\":\"Trinexo Blog\",\"url\":\"https:\/\/trinexo.com\/blog\/\",\"logo\":{\"@type\":\"ImageObject\",\"inLanguage\":\"es\",\"@id\":\"https:\/\/trinexo.com\/blog\/#\/schema\/logo\/image\/\",\"url\":\"https:\/\/trinexo.com\/blog\/wp-content\/uploads\/2023\/09\/logo-descripcion-del-sitio-2.png\",\"contentUrl\":\"https:\/\/trinexo.com\/blog\/wp-content\/uploads\/2023\/09\/logo-descripcion-del-sitio-2.png\",\"width\":512,\"height\":512,\"caption\":\"Trinexo Blog\"},\"image\":{\"@id\":\"https:\/\/trinexo.com\/blog\/#\/schema\/logo\/image\/\"},\"sameAs\":[\"https:\/\/www.facebook.com\/somostrinexo\/\",\"https:\/\/www.instagram.com\/somostrinexo\/\",\"https:\/\/www.linkedin.com\/company\/somostrinexo\/\",\"https:\/\/www.youtube.com\/@somostrinexo\"]},{\"@type\":\"Person\",\"@id\":\"https:\/\/trinexo.com\/blog\/#\/schema\/person\/f768d5dd88f4a9295d73cd5f3ff4aa2d\",\"name\":\"Jaime Ballesteros Gil\",\"image\":{\"@type\":\"ImageObject\",\"inLanguage\":\"es\",\"@id\":\"https:\/\/trinexo.com\/blog\/#\/schema\/person\/image\/\",\"url\":\"https:\/\/secure.gravatar.com\/avatar\/71bab56c0f267aa3a6af73f2f41802cfb459ffb602372b52ce409e1f887967f3?s=96&d=mm&r=g\",\"contentUrl\":\"https:\/\/secure.gravatar.com\/avatar\/71bab56c0f267aa3a6af73f2f41802cfb459ffb602372b52ce409e1f887967f3?s=96&d=mm&r=g\",\"caption\":\"Jaime Ballesteros Gil\"},\"sameAs\":[\"https:\/\/trinexo.com\/\"],\"url\":\"https:\/\/trinexo.com\/blog\/author\/jaime\/\"}]}<\/script>\n<!-- \/ Yoast SEO plugin. -->","yoast_head_json":{"title":"Calendario del Community Manager 2023 - Trinexo Blog","description":"Descarga el calendario del Community Manager 2023 y mantente al tanto de las fechas clave. Rec\u00edbelo en tu correo.","robots":{"index":"index","follow":"follow","max-snippet":"max-snippet:-1","max-image-preview":"max-image-preview:large","max-video-preview":"max-video-preview:-1"},"canonical":"https:\/\/trinexo.com\/blog\/calendario-del-community-manager-2023\/","og_locale":"es_ES","og_type":"article","og_title":"Calendario del Community Manager 2023 - Trinexo Blog","og_description":"Descarga el calendario del Community Manager 2023 y mantente al tanto de las fechas clave. Rec\u00edbelo en tu correo.","og_url":"https:\/\/trinexo.com\/blog\/calendario-del-community-manager-2023\/","og_site_name":"Trinexo Blog","article_publisher":"https:\/\/www.facebook.com\/somostrinexo\/","article_published_time":"2022-11-28T13:57:50+00:00","article_modified_time":"2023-10-18T07:33:11+00:00","og_image":[{"width":1200,"height":630,"url":"https:\/\/trinexo.com\/blog\/wp-content\/uploads\/2022\/11\/19.-CALENDARIO-DEL-COMMUNITY-MANAGER.jpg","type":"image\/jpeg"}],"author":"Jaime Ballesteros Gil","twitter_card":"summary_large_image","twitter_misc":{"Escrito por":"Jaime Ballesteros Gil","Tiempo de lectura":"2 minutos"},"schema":{"@context":"https:\/\/schema.org","@graph":[{"@type":"Article","@id":"https:\/\/trinexo.com\/blog\/calendario-del-community-manager-2023\/#article","isPartOf":{"@id":"https:\/\/trinexo.com\/blog\/calendario-del-community-manager-2023\/"},"author":{"name":"Jaime Ballesteros Gil","@id":"https:\/\/trinexo.com\/blog\/#\/schema\/person\/f768d5dd88f4a9295d73cd5f3ff4aa2d"},"headline":"Calendario del Community Manager 2023","datePublished":"2022-11-28T13:57:50+00:00","dateModified":"2023-10-18T07:33:11+00:00","mainEntityOfPage":{"@id":"https:\/\/trinexo.com\/blog\/calendario-del-community-manager-2023\/"},"wordCount":296,"commentCount":0,"publisher":{"@id":"https:\/\/trinexo.com\/blog\/#organization"},"image":{"@id":"https:\/\/trinexo.com\/blog\/calendario-del-community-manager-2023\/#primaryimage"},"thumbnailUrl":"https:\/\/trinexo.com\/blog\/wp-content\/uploads\/2022\/11\/19.-CALENDARIO-DEL-COMMUNITY-MANAGER.jpg","keywords":["Community Manager","Marketing","Redes Sociales"],"articleSection":["Descargables","Marketing"],"inLanguage":"es","potentialAction":[{"@type":"CommentAction","name":"Comment","target":["https:\/\/trinexo.com\/blog\/calendario-del-community-manager-2023\/#respond"]}]},{"@type":"WebPage","@id":"https:\/\/trinexo.com\/blog\/calendario-del-community-manager-2023\/","url":"https:\/\/trinexo.com\/blog\/calendario-del-community-manager-2023\/","name":"Calendario del Community Manager 2023 - Trinexo Blog","isPartOf":{"@id":"https:\/\/trinexo.com\/blog\/#website"},"primaryImageOfPage":{"@id":"https:\/\/trinexo.com\/blog\/calendario-del-community-manager-2023\/#primaryimage"},"image":{"@id":"https:\/\/trinexo.com\/blog\/calendario-del-community-manager-2023\/#primaryimage"},"thumbnailUrl":"https:\/\/trinexo.com\/blog\/wp-content\/uploads\/2022\/11\/19.-CALENDARIO-DEL-COMMUNITY-MANAGER.jpg","datePublished":"2022-11-28T13:57:50+00:00","dateModified":"2023-10-18T07:33:11+00:00","description":"Descarga el calendario del Community Manager 2023 y mantente al tanto de las fechas clave. Rec\u00edbelo en tu correo.","breadcrumb":{"@id":"https:\/\/trinexo.com\/blog\/calendario-del-community-manager-2023\/#breadcrumb"},"inLanguage":"es","potentialAction":[{"@type":"ReadAction","target":["https:\/\/trinexo.com\/blog\/calendario-del-community-manager-2023\/"]}]},{"@type":"ImageObject","inLanguage":"es","@id":"https:\/\/trinexo.com\/blog\/calendario-del-community-manager-2023\/#primaryimage","url":"https:\/\/trinexo.com\/blog\/wp-content\/uploads\/2022\/11\/19.-CALENDARIO-DEL-COMMUNITY-MANAGER.jpg","contentUrl":"https:\/\/trinexo.com\/blog\/wp-content\/uploads\/2022\/11\/19.-CALENDARIO-DEL-COMMUNITY-MANAGER.jpg","width":1200,"height":630,"caption":"Calendario del Community Manager 2023"},{"@type":"BreadcrumbList","@id":"https:\/\/trinexo.com\/blog\/calendario-del-community-manager-2023\/#breadcrumb","itemListElement":[{"@type":"ListItem","position":1,"name":"Portada","item":"https:\/\/trinexo.com\/blog\/"},{"@type":"ListItem","position":2,"name":"Calendario del Community Manager 2023"}]},{"@type":"WebSite","@id":"https:\/\/trinexo.com\/blog\/#website","url":"https:\/\/trinexo.com\/blog\/","name":"Trinexo Blog","description":"Brandarras de coraz\u00f3n","publisher":{"@id":"https:\/\/trinexo.com\/blog\/#organization"},"potentialAction":[{"@type":"SearchAction","target":{"@type":"EntryPoint","urlTemplate":"https:\/\/trinexo.com\/blog\/?s={search_term_string}"},"query-input":{"@type":"PropertyValueSpecification","valueRequired":true,"valueName":"search_term_string"}}],"inLanguage":"es"},{"@type":"Organization","@id":"https:\/\/trinexo.com\/blog\/#organization","name":"Trinexo Blog","url":"https:\/\/trinexo.com\/blog\/","logo":{"@type":"ImageObject","inLanguage":"es","@id":"https:\/\/trinexo.com\/blog\/#\/schema\/logo\/image\/","url":"https:\/\/trinexo.com\/blog\/wp-content\/uploads\/2023\/09\/logo-descripcion-del-sitio-2.png","contentUrl":"https:\/\/trinexo.com\/blog\/wp-content\/uploads\/2023\/09\/logo-descripcion-del-sitio-2.png","width":512,"height":512,"caption":"Trinexo Blog"},"image":{"@id":"https:\/\/trinexo.com\/blog\/#\/schema\/logo\/image\/"},"sameAs":["https:\/\/www.facebook.com\/somostrinexo\/","https:\/\/www.instagram.com\/somostrinexo\/","https:\/\/www.linkedin.com\/company\/somostrinexo\/","https:\/\/www.youtube.com\/@somostrinexo"]},{"@type":"Person","@id":"https:\/\/trinexo.com\/blog\/#\/schema\/person\/f768d5dd88f4a9295d73cd5f3ff4aa2d","name":"Jaime Ballesteros Gil","image":{"@type":"ImageObject","inLanguage":"es","@id":"https:\/\/trinexo.com\/blog\/#\/schema\/person\/image\/","url":"https:\/\/secure.gravatar.com\/avatar\/71bab56c0f267aa3a6af73f2f41802cfb459ffb602372b52ce409e1f887967f3?s=96&d=mm&r=g","contentUrl":"https:\/\/secure.gravatar.com\/avatar\/71bab56c0f267aa3a6af73f2f41802cfb459ffb602372b52ce409e1f887967f3?s=96&d=mm&r=g","caption":"Jaime Ballesteros Gil"},"sameAs":["https:\/\/trinexo.com\/"],"url":"https:\/\/trinexo.com\/blog\/author\/jaime\/"}]}},"_links":{"self":[{"href":"https:\/\/trinexo.com\/blog\/wp-json\/wp\/v2\/posts\/77","targetHints":{"allow":["GET"]}}],"collection":[{"href":"https:\/\/trinexo.com\/blog\/wp-json\/wp\/v2\/posts"}],"about":[{"href":"https:\/\/trinexo.com\/blog\/wp-json\/wp\/v2\/types\/post"}],"author":[{"embeddable":true,"href":"https:\/\/trinexo.com\/blog\/wp-json\/wp\/v2\/users\/2"}],"replies":[{"embeddable":true,"href":"https:\/\/trinexo.com\/blog\/wp-json\/wp\/v2\/comments?post=77"}],"version-history":[{"count":13,"href":"https:\/\/trinexo.com\/blog\/wp-json\/wp\/v2\/posts\/77\/revisions"}],"predecessor-version":[{"id":813,"href":"https:\/\/trinexo.com\/blog\/wp-json\/wp\/v2\/posts\/77\/revisions\/813"}],"wp:featuredmedia":[{"embeddable":true,"href":"https:\/\/trinexo.com\/blog\/wp-json\/wp\/v2\/media\/675"}],"wp:attachment":[{"href":"https:\/\/trinexo.com\/blog\/wp-json\/wp\/v2\/media?parent=77"}],"wp:term":[{"taxonomy":"category","embeddable":true,"href":"https:\/\/trinexo.com\/blog\/wp-json\/wp\/v2\/categories?post=77"},{"taxonomy":"post_tag","embeddable":true,"href":"https:\/\/trinexo.com\/blog\/wp-json\/wp\/v2\/tags?post=77"}],"curies":[{"name":"wp","href":"https:\/\/api.w.org\/{rel}","templated":true}]}}